{"id":371,"date":"2025-01-09T13:13:31","date_gmt":"2025-01-09T11:13:31","guid":{"rendered":"https:\/\/pyhtaanvoima.dy.fi\/?p=371"},"modified":"2025-01-09T13:13:31","modified_gmt":"2025-01-09T11:13:31","slug":"haliskon-puuhapaiva-lapsille-ja-lapsiperheille","status":"publish","type":"post","link":"https:\/\/pyhtaanvoima.dy.fi\/?p=371","title":{"rendered":"Haliskon puuhap\u00e4iv\u00e4 lapsille ja lapsiperheille"},"content":{"rendered":"\n<p>Halisko-lisko tulee taas Pyht\u00e4\u00e4lle!  <img loading=\"lazy\" decoding=\"async\" height=\"16\" width=\"16\" src=\"https:\/\/static.xx.fbcdn.net\/images\/emoji.php\/v9\/t3e\/1\/16\/1f98e.png\" alt=\"\ud83e\udd8e\">  Pyht\u00e4\u00e4n Voima j\u00e4rjest\u00e4\u00e4 puuhaa lapsiperheille <img loading=\"lazy\" decoding=\"async\" height=\"16\" width=\"16\" src=\"https:\/\/static.xx.fbcdn.net\/images\/emoji.php\/v9\/t58\/1\/16\/1f929.png\" alt=\"\ud83e\udd29\"><\/p>\n\n\n\n<p><a><\/a><img loading=\"lazy\" decoding=\"async\" height=\"16\" width=\"16\" alt=\"\ud83d\udca5\" src=\"https:\/\/static.xx.fbcdn.net\/images\/emoji.php\/v9\/t40\/1\/16\/1f4a5.png\">Haliskon puuhap\u00e4iv\u00e4<img loading=\"lazy\" decoding=\"async\" height=\"16\" width=\"16\" alt=\"\ud83d\udca5\" src=\"https:\/\/static.xx.fbcdn.net\/images\/emoji.php\/v9\/t40\/1\/16\/1f4a5.png\"><\/p>\n\n\n\n<p><img loading=\"lazy\" decoding=\"async\" height=\"16\" width=\"16\" alt=\"\ud83d\udca5\" src=\"https:\/\/static.xx.fbcdn.net\/images\/emoji.php\/v9\/t40\/1\/16\/1f4a5.png\">Sunnuntaina 2.2.2025 klo 13-15, Suur-Ahvenkosken koululla (Pyht\u00e4\u00e4nkuja 1)<\/p>\n\n\n\n<p><img loading=\"lazy\" decoding=\"async\" height=\"16\" width=\"16\" alt=\"\ud83d\udca5\" src=\"https:\/\/static.xx.fbcdn.net\/images\/emoji.php\/v9\/t40\/1\/16\/1f4a5.png\"> Ohjelmaa sis\u00e4tiloissa mm. temppurata, askartelua, aarteenetsint\u00e4\u00e4. Ja itse Halisko-lisko on tietenkin paikalla!<\/p>\n\n\n\n<p><img loading=\"lazy\" decoding=\"async\" height=\"16\" width=\"16\" alt=\"\ud83d\udca5\" src=\"https:\/\/static.xx.fbcdn.net\/images\/emoji.php\/v9\/t40\/1\/16\/1f4a5.png\"> Tarjolla my\u00f6s pullaa, mehua ja kahvia!<\/p>\n\n\n\n<p><img loading=\"lazy\" decoding=\"async\" height=\"16\" width=\"16\" alt=\"\ud83d\udca5\" src=\"https:\/\/static.xx.fbcdn.net\/images\/emoji.php\/v9\/t40\/1\/16\/1f4a5.png\"> Tapahtuma on tarkoitettu lapsille ja lapsiperheille. Perheen pienimpien (alle 5v.) toivotaan osallistuvan puuhiin huoltajan kanssa.<\/p>\n\n\n\n<p><img loading=\"lazy\" decoding=\"async\" height=\"16\" width=\"16\" alt=\"\ud83d\udca5\" src=\"https:\/\/static.xx.fbcdn.net\/images\/emoji.php\/v9\/t40\/1\/16\/1f4a5.png\">Tapahtuma on maksuton! Tervetuloa!<\/p>\n\n\n\n<figure class=\"wp-block-image size-large\"><img loading=\"lazy\" decoding=\"async\" width=\"1024\" height=\"1024\" src=\"https:\/\/pyhtaanvoima.dy.fi\/wp-content\/uploads\/2025\/01\/HALISKO-LISKO-ON-TAAS-PYHTAALLA-1-1024x1024.png\" alt=\"\" class=\"wp-image-372\" srcset=\"https:\/\/pyhtaanvoima.dy.fi\/wp-content\/uploads\/2025\/01\/HALISKO-LISKO-ON-TAAS-PYHTAALLA-1-1024x1024.png 1024w, https:\/\/pyhtaanvoima.dy.fi\/wp-content\/uploads\/2025\/01\/HALISKO-LISKO-ON-TAAS-PYHTAALLA-1-300x300.png 300w, https:\/\/pyhtaanvoima.dy.fi\/wp-content\/uploads\/2025\/01\/HALISKO-LISKO-ON-TAAS-PYHTAALLA-1-150x150.png 150w, https:\/\/pyhtaanvoima.dy.fi\/wp-content\/uploads\/2025\/01\/HALISKO-LISKO-ON-TAAS-PYHTAALLA-1-768x768.png 768w, https:\/\/pyhtaanvoima.dy.fi\/wp-content\/uploads\/2025\/01\/HALISKO-LISKO-ON-TAAS-PYHTAALLA-1-100x100.png 100w, https:\/\/pyhtaanvoima.dy.fi\/wp-content\/uploads\/2025\/01\/HALISKO-LISKO-ON-TAAS-PYHTAALLA-1.png 1080w\" sizes=\"auto, (max-width: 706px) 89vw, (max-width: 767px) 82vw, 740px\" \/><\/figure>\n","protected":false},"excerpt":{"rendered":"<p>Halisko-lisko tulee taas Pyht\u00e4\u00e4lle! Pyht\u00e4\u00e4n Voima j\u00e4rjest\u00e4\u00e4 puuhaa lapsiperheille Haliskon puuhap\u00e4iv\u00e4 Sunnuntaina 2.2.2025 klo 13-15, Suur-Ahvenkosken koululla (Pyht\u00e4\u00e4nkuja 1) Ohjelmaa sis\u00e4tiloissa mm. temppurata, askartelua, aarteenetsint\u00e4\u00e4. Ja itse Halisko-lisko on tietenkin paikalla! Tarjolla my\u00f6s pullaa, mehua ja kahvia! Tapahtuma on tarkoitettu lapsille ja lapsiperheille. Perheen pienimpien (alle 5v.) toivotaan osallistuvan puuhiin huoltajan kanssa. Tapahtuma on maksuton! &hellip; <\/p>\n<p class=\"link-more\"><a href=\"https:\/\/pyhtaanvoima.dy.fi\/?p=371\" class=\"more-link\">Jatka lukemista<span class=\"screen-reader-text\"> &#8221;Haliskon puuhap\u00e4iv\u00e4 lapsille ja lapsiperheille&#8221;<\/span><\/a><\/p>\n","protected":false},"author":1,"featured_media":0,"comment_status":"open","ping_status":"open","sticky":false,"template":"","format":"standard","meta":{"footnotes":""},"categories":[1],"tags":[],"class_list":["post-371","post","type-post","status-publish","format-standard","hentry","category-uncategorized"],"_links":{"self":[{"href":"https:\/\/pyhtaanvoima.dy.fi\/index.php?rest_route=\/wp\/v2\/posts\/371","targetHints":{"allow":["GET"]}}],"collection":[{"href":"https:\/\/pyhtaanvoima.dy.fi\/index.php?rest_route=\/wp\/v2\/posts"}],"about":[{"href":"https:\/\/pyhtaanvoima.dy.fi\/index.php?rest_route=\/wp\/v2\/types\/post"}],"author":[{"embeddable":true,"href":"https:\/\/pyhtaanvoima.dy.fi\/index.php?rest_route=\/wp\/v2\/users\/1"}],"replies":[{"embeddable":true,"href":"https:\/\/pyhtaanvoima.dy.fi\/index.php?rest_route=%2Fwp%2Fv2%2Fcomments&post=371"}],"version-history":[{"count":1,"href":"https:\/\/pyhtaanvoima.dy.fi\/index.php?rest_route=\/wp\/v2\/posts\/371\/revisions"}],"predecessor-version":[{"id":373,"href":"https:\/\/pyhtaanvoima.dy.fi\/index.php?rest_route=\/wp\/v2\/posts\/371\/revisions\/373"}],"wp:attachment":[{"href":"https:\/\/pyhtaanvoima.dy.fi\/index.php?rest_route=%2Fwp%2Fv2%2Fmedia&parent=371"}],"wp:term":[{"taxonomy":"category","embeddable":true,"href":"https:\/\/pyhtaanvoima.dy.fi\/index.php?rest_route=%2Fwp%2Fv2%2Fcategories&post=371"},{"taxonomy":"post_tag","embeddable":true,"href":"https:\/\/pyhtaanvoima.dy.fi\/index.php?rest_route=%2Fwp%2Fv2%2Ftags&post=371"}],"curies":[{"name":"wp","href":"https:\/\/api.w.org\/{rel}","templated":true}]}}