{"id":374,"date":"2025-01-24T10:35:12","date_gmt":"2025-01-24T08:35:12","guid":{"rendered":"https:\/\/pyhtaanvoima.dy.fi\/?p=374"},"modified":"2025-01-24T10:35:12","modified_gmt":"2025-01-24T08:35:12","slug":"kauden-2024-paatos","status":"publish","type":"post","link":"https:\/\/pyhtaanvoima.dy.fi\/?p=374","title":{"rendered":"Kauden 2024 p\u00e4\u00e4t\u00f6s"},"content":{"rendered":"\n<figure class=\"wp-block-image size-large\"><img loading=\"lazy\" decoding=\"async\" width=\"1024\" height=\"768\" src=\"https:\/\/pyhtaanvoima.dy.fi\/wp-content\/uploads\/2025\/01\/IMG_20250120_172711-1024x768.jpg\" alt=\"\" class=\"wp-image-375\" srcset=\"https:\/\/pyhtaanvoima.dy.fi\/wp-content\/uploads\/2025\/01\/IMG_20250120_172711-1024x768.jpg 1024w, https:\/\/pyhtaanvoima.dy.fi\/wp-content\/uploads\/2025\/01\/IMG_20250120_172711-300x225.jpg 300w, https:\/\/pyhtaanvoima.dy.fi\/wp-content\/uploads\/2025\/01\/IMG_20250120_172711-768x576.jpg 768w, https:\/\/pyhtaanvoima.dy.fi\/wp-content\/uploads\/2025\/01\/IMG_20250120_172711-1536x1152.jpg 1536w, https:\/\/pyhtaanvoima.dy.fi\/wp-content\/uploads\/2025\/01\/IMG_20250120_172711-2048x1536.jpg 2048w\" sizes=\"auto, (max-width: 706px) 89vw, (max-width: 767px) 82vw, 740px\" \/><\/figure>\n\n\n\n<p>Pyht\u00e4\u00e4n Voima j\u00e4rjesti lasten kauden 2024 p\u00e4\u00e4tt\u00e4j\u00e4iset ja palkintojen jaon 20.1.2025 Suur-Ahvenkosken koululla. P\u00e4\u00e4tt\u00e4j\u00e4isiss\u00e4 katsottiin videokooste Voiman viime vuoden tapahtumista, sen j\u00e4lkeen palkittiin aktiivisimmat osallistujat. Palkinnon saajille oli tarjolla my\u00f6s mehua ja pullaa.<\/p>\n\n\n\n<p>Voiman vuoteen mahtui mm. hiihtokilpailuja, suunnistuskilpailuja, py\u00f6r\u00e4suunnistusta, omatoimisuunnistusta. Voima oli mukana my\u00f6s aktiivisesti yhteisty\u00f6tapahtumissa kuten perheliikuntatapahtumassa Pyroll Areenalla helmikuussa, kyl\u00e4p\u00e4iv\u00e4ss\u00e4 kirkonkyl\u00e4ll\u00e4 kes\u00e4kuussa, Pyht\u00e4\u00e4n yhteisess\u00e4 lauantaikoulup\u00e4iv\u00e4ss\u00e4 Huutj\u00e4rvell\u00e4 elokuussa ja koko perheen Halloween tapahtumassa Stockforsilla lokakuussa.<\/p>\n\n\n\n<p>Voiman kauden 2024 aktiivisimmat osallistujat olivat Lukas Eskils ja Erno Koskinen.<\/p>\n\n\n\n<p>Muita aktiivisia palkittuja nuoria olivat Konsta Hartikka, Sampo Hartikka, Emma Eskils, Mona Eskils, Onni Eskils, Siiri Piilola, Reino Siren ja Elise Pirinen. Pisteit\u00e4 sai kaikkiaan 63 mukana ollutta lasta ja nuorta. Kiitos osallistujille ja liikunnallista vuotta 2025!<\/p>\n\n\n\n<figure class=\"wp-block-image size-large\"><img loading=\"lazy\" decoding=\"async\" width=\"1024\" height=\"768\" src=\"https:\/\/pyhtaanvoima.dy.fi\/wp-content\/uploads\/2025\/01\/IMG_20250120_180806-1024x768.jpg\" alt=\"\" class=\"wp-image-376\" srcset=\"https:\/\/pyhtaanvoima.dy.fi\/wp-content\/uploads\/2025\/01\/IMG_20250120_180806-1024x768.jpg 1024w, https:\/\/pyhtaanvoima.dy.fi\/wp-content\/uploads\/2025\/01\/IMG_20250120_180806-300x225.jpg 300w, https:\/\/pyhtaanvoima.dy.fi\/wp-content\/uploads\/2025\/01\/IMG_20250120_180806-768x576.jpg 768w, https:\/\/pyhtaanvoima.dy.fi\/wp-content\/uploads\/2025\/01\/IMG_20250120_180806-1536x1152.jpg 1536w, https:\/\/pyhtaanvoima.dy.fi\/wp-content\/uploads\/2025\/01\/IMG_20250120_180806-2048x1536.jpg 2048w\" sizes=\"auto, (max-width: 706px) 89vw, (max-width: 767px) 82vw, 740px\" \/><\/figure>\n","protected":false},"excerpt":{"rendered":"<p>Pyht\u00e4\u00e4n Voima j\u00e4rjesti lasten kauden 2024 p\u00e4\u00e4tt\u00e4j\u00e4iset ja palkintojen jaon 20.1.2025 Suur-Ahvenkosken koululla. P\u00e4\u00e4tt\u00e4j\u00e4isiss\u00e4 katsottiin videokooste Voiman viime vuoden tapahtumista, sen j\u00e4lkeen palkittiin aktiivisimmat osallistujat. Palkinnon saajille oli tarjolla my\u00f6s mehua ja pullaa. Voiman vuoteen mahtui mm. hiihtokilpailuja, suunnistuskilpailuja, py\u00f6r\u00e4suunnistusta, omatoimisuunnistusta. Voima oli mukana my\u00f6s aktiivisesti yhteisty\u00f6tapahtumissa kuten perheliikuntatapahtumassa Pyroll Areenalla helmikuussa, kyl\u00e4p\u00e4iv\u00e4ss\u00e4 kirkonkyl\u00e4ll\u00e4 kes\u00e4kuussa, &hellip; <\/p>\n<p class=\"link-more\"><a href=\"https:\/\/pyhtaanvoima.dy.fi\/?p=374\" class=\"more-link\">Jatka lukemista<span class=\"screen-reader-text\"> &#8221;Kauden 2024 p\u00e4\u00e4t\u00f6s&#8221;<\/span><\/a><\/p>\n","protected":false},"author":1,"featured_media":0,"comment_status":"open","ping_status":"open","sticky":false,"template":"","format":"standard","meta":{"footnotes":""},"categories":[1],"tags":[],"class_list":["post-374","post","type-post","status-publish","format-standard","hentry","category-uncategorized"],"_links":{"self":[{"href":"https:\/\/pyhtaanvoima.dy.fi\/index.php?rest_route=\/wp\/v2\/posts\/374","targetHints":{"allow":["GET"]}}],"collection":[{"href":"https:\/\/pyhtaanvoima.dy.fi\/index.php?rest_route=\/wp\/v2\/posts"}],"about":[{"href":"https:\/\/pyhtaanvoima.dy.fi\/index.php?rest_route=\/wp\/v2\/types\/post"}],"author":[{"embeddable":true,"href":"https:\/\/pyhtaanvoima.dy.fi\/index.php?rest_route=\/wp\/v2\/users\/1"}],"replies":[{"embeddable":true,"href":"https:\/\/pyhtaanvoima.dy.fi\/index.php?rest_route=%2Fwp%2Fv2%2Fcomments&post=374"}],"version-history":[{"count":1,"href":"https:\/\/pyhtaanvoima.dy.fi\/index.php?rest_route=\/wp\/v2\/posts\/374\/revisions"}],"predecessor-version":[{"id":377,"href":"https:\/\/pyhtaanvoima.dy.fi\/index.php?rest_route=\/wp\/v2\/posts\/374\/revisions\/377"}],"wp:attachment":[{"href":"https:\/\/pyhtaanvoima.dy.fi\/index.php?rest_route=%2Fwp%2Fv2%2Fmedia&parent=374"}],"wp:term":[{"taxonomy":"category","embeddable":true,"href":"https:\/\/pyhtaanvoima.dy.fi\/index.php?rest_route=%2Fwp%2Fv2%2Fcategories&post=374"},{"taxonomy":"post_tag","embeddable":true,"href":"https:\/\/pyhtaanvoima.dy.fi\/index.php?rest_route=%2Fwp%2Fv2%2Ftags&post=374"}],"curies":[{"name":"wp","href":"https:\/\/api.w.org\/{rel}","templated":true}]}}